{"id":3014,"date":"2021-05-16T15:17:29","date_gmt":"2021-05-16T13:17:29","guid":{"rendered":"http:\/\/2l-a-velo.com\/?p=3014"},"modified":"2022-03-11T09:21:35","modified_gmt":"2022-03-11T08:21:35","slug":"des-iles-en-2021","status":"publish","type":"post","link":"https:\/\/2l-a-velo.com\/?p=3014","title":{"rendered":"Des \u00eeles en 2021"},"content":{"rendered":"\n<p> Les restrictions sanitaires nous emp\u00eachent, pour l\u2019instant, de retourner en Am\u00e9rique du Sud, et plus pr\u00e9cis\u00e9ment en Patagonie. <\/p>\n\n\n\n<p> Alors, ce sera une d\u00e9couverte des \u00eeles de la M\u00e9diterran\u00e9e, enfin quelques unes : Corse, Sardaigne, Sicile et Malte. En esp\u00e9rant que de nouvelles restrictions sanitaires ne viennent pas tout perturber ! <\/p>\n\n\n\n<p class=\"has-text-align-center\"><strong>D\u00e9part pr\u00e9vu le lundi 31 mai 2021<\/strong><\/p>\n\n\n\n<figure class=\"wp-block-image\"><img loading=\"lazy\" decoding=\"async\" width=\"1024\" height=\"682\" src=\"https:\/\/2l-a-velo.com\/wp-content\/uploads\/2021\/05\/372A4822-1024x682.jpg\" alt=\"\" class=\"wp-image-3015\" srcset=\"https:\/\/2l-a-velo.com\/wp-content\/uploads\/2021\/05\/372A4822-1024x682.jpg 1024w, https:\/\/2l-a-velo.com\/wp-content\/uploads\/2021\/05\/372A4822-300x200.jpg 300w, https:\/\/2l-a-velo.com\/wp-content\/uploads\/2021\/05\/372A4822-768x512.jpg 768w, https:\/\/2l-a-velo.com\/wp-content\/uploads\/2021\/05\/372A4822-900x600.jpg 900w, https:\/\/2l-a-velo.com\/wp-content\/uploads\/2021\/05\/372A4822-1280x853.jpg 1280w, https:\/\/2l-a-velo.com\/wp-content\/uploads\/2021\/05\/372A4822.jpg 2000w\" sizes=\"auto, (max-width: 1024px) 100vw, 1024px\" \/><\/figure>\n","protected":false},"excerpt":{"rendered":"<p>Les restrictions sanitaires nous emp\u00eachent, pour l\u2019instant, de retourner en Am\u00e9rique du Sud, et plus pr\u00e9cis\u00e9ment en Patagonie. Alors, ce sera une d\u00e9couverte des \u00eeles de la M\u00e9diterran\u00e9e, enfin quelques unes : Corse, Sardaigne, Sicile et Malte. En esp\u00e9rant que de nouvelles restrictions sanitaires ne viennent pas tout perturber ! D\u00e9part pr\u00e9vu le lundi 31 [&hellip;]<\/p>\n","protected":false},"author":1,"featured_media":0,"comment_status":"open","ping_status":"closed","sticky":false,"template":"","format":"standard","meta":{"jetpack_post_was_ever_published":false,"_jetpack_newsletter_access":"","_jetpack_dont_email_post_to_subs":false,"_jetpack_newsletter_tier_id":0,"_jetpack_memberships_contains_paywalled_content":false,"_jetpack_memberships_contains_paid_content":false,"footnotes":""},"categories":[12],"tags":[],"class_list":["post-3014","post","type-post","status-publish","format-standard","hentry","category-france"],"jetpack_featured_media_url":"","jetpack_likes_enabled":true,"jetpack_sharing_enabled":true,"_links":{"self":[{"href":"https:\/\/2l-a-velo.com\/index.php?rest_route=\/wp\/v2\/posts\/3014","targetHints":{"allow":["GET"]}}],"collection":[{"href":"https:\/\/2l-a-velo.com\/index.php?rest_route=\/wp\/v2\/posts"}],"about":[{"href":"https:\/\/2l-a-velo.com\/index.php?rest_route=\/wp\/v2\/types\/post"}],"author":[{"embeddable":true,"href":"https:\/\/2l-a-velo.com\/index.php?rest_route=\/wp\/v2\/users\/1"}],"replies":[{"embeddable":true,"href":"https:\/\/2l-a-velo.com\/index.php?rest_route=%2Fwp%2Fv2%2Fcomments&post=3014"}],"version-history":[{"count":2,"href":"https:\/\/2l-a-velo.com\/index.php?rest_route=\/wp\/v2\/posts\/3014\/revisions"}],"predecessor-version":[{"id":4738,"href":"https:\/\/2l-a-velo.com\/index.php?rest_route=\/wp\/v2\/posts\/3014\/revisions\/4738"}],"wp:attachment":[{"href":"https:\/\/2l-a-velo.com\/index.php?rest_route=%2Fwp%2Fv2%2Fmedia&parent=3014"}],"wp:term":[{"taxonomy":"category","embeddable":true,"href":"https:\/\/2l-a-velo.com\/index.php?rest_route=%2Fwp%2Fv2%2Fcategories&post=3014"},{"taxonomy":"post_tag","embeddable":true,"href":"https:\/\/2l-a-velo.com\/index.php?rest_route=%2Fwp%2Fv2%2Ftags&post=3014"}],"curies":[{"name":"wp","href":"https:\/\/api.w.org\/{rel}","templated":true}]}}