{"id":3208,"date":"2021-06-24T18:20:56","date_gmt":"2021-06-24T16:20:56","guid":{"rendered":"http:\/\/2l-a-velo.com\/?p=3208"},"modified":"2022-03-11T09:13:05","modified_gmt":"2022-03-11T08:13:05","slug":"de-santa-teresa-de-gallura-a-capo-caccia","status":"publish","type":"post","link":"https:\/\/2l-a-velo.com\/?p=3208","title":{"rendered":"Sardaigne : De Santa Teresa de Gallura \u00e0    Capo Caccia"},"content":{"rendered":"\n<p class=\"has-text-align-center has-larger-font-size\"><strong>Du 19 au 23 juin<\/strong><\/p>\n\n\n\n<p> Embarquement \u00e0 destination de la Sardaigne sous un ciel brumeux. Arriv\u00e9s \u00e0 Santa Teresa de Gallura&#8230;  <\/p>\n\n\n\n<p><a href=\"https:\/\/2l-a-velo.com\/?page_id=3157\">Lire la suite..<\/a><\/p>\n","protected":false},"excerpt":{"rendered":"<p>Du 19 au 23 juin Embarquement \u00e0 destination de la Sardaigne sous un ciel brumeux. Arriv\u00e9s \u00e0 Santa Teresa de Gallura&#8230; Lire la suite..<\/p>\n","protected":false},"author":1,"featured_media":0,"comment_status":"open","ping_status":"closed","sticky":false,"template":"","format":"standard","meta":{"jetpack_post_was_ever_published":false,"_jetpack_newsletter_access":"","_jetpack_dont_email_post_to_subs":false,"_jetpack_newsletter_tier_id":0,"_jetpack_memberships_contains_paywalled_content":false,"_jetpack_memberships_contains_paid_content":false,"footnotes":""},"categories":[14],"tags":[],"class_list":["post-3208","post","type-post","status-publish","format-standard","hentry","category-sardaigne"],"jetpack_featured_media_url":"","jetpack_likes_enabled":true,"jetpack_sharing_enabled":true,"_links":{"self":[{"href":"https:\/\/2l-a-velo.com\/index.php?rest_route=\/wp\/v2\/posts\/3208","targetHints":{"allow":["GET"]}}],"collection":[{"href":"https:\/\/2l-a-velo.com\/index.php?rest_route=\/wp\/v2\/posts"}],"about":[{"href":"https:\/\/2l-a-velo.com\/index.php?rest_route=\/wp\/v2\/types\/post"}],"author":[{"embeddable":true,"href":"https:\/\/2l-a-velo.com\/index.php?rest_route=\/wp\/v2\/users\/1"}],"replies":[{"embeddable":true,"href":"https:\/\/2l-a-velo.com\/index.php?rest_route=%2Fwp%2Fv2%2Fcomments&post=3208"}],"version-history":[{"count":3,"href":"https:\/\/2l-a-velo.com\/index.php?rest_route=\/wp\/v2\/posts\/3208\/revisions"}],"predecessor-version":[{"id":4723,"href":"https:\/\/2l-a-velo.com\/index.php?rest_route=\/wp\/v2\/posts\/3208\/revisions\/4723"}],"wp:attachment":[{"href":"https:\/\/2l-a-velo.com\/index.php?rest_route=%2Fwp%2Fv2%2Fmedia&parent=3208"}],"wp:term":[{"taxonomy":"category","embeddable":true,"href":"https:\/\/2l-a-velo.com\/index.php?rest_route=%2Fwp%2Fv2%2Fcategories&post=3208"},{"taxonomy":"post_tag","embeddable":true,"href":"https:\/\/2l-a-velo.com\/index.php?rest_route=%2Fwp%2Fv2%2Ftags&post=3208"}],"curies":[{"name":"wp","href":"https:\/\/api.w.org\/{rel}","templated":true}]}}