{"id":4980,"date":"2022-05-17T09:10:37","date_gmt":"2022-05-17T07:10:37","guid":{"rendered":"https:\/\/2l-a-velo.com\/?p=4980"},"modified":"2022-07-12T09:11:28","modified_gmt":"2022-07-12T07:11:28","slug":"dans-les-alpes-du-sud","status":"publish","type":"post","link":"https:\/\/2l-a-velo.com\/?p=4980","title":{"rendered":"Haut Verdon et Colorado ni\u00e7ois"},"content":{"rendered":"\n<div class=\"wp-block-media-text alignwide is-stacked-on-mobile\" style=\"grid-template-columns:57% auto\"><figure class=\"wp-block-media-text__media\"><img loading=\"lazy\" decoding=\"async\" width=\"1024\" height=\"575\" src=\"https:\/\/2l-a-velo.com\/wp-content\/uploads\/2022\/05\/P1027509-1024x575.jpg\" alt=\"\" class=\"wp-image-4981 size-full\" srcset=\"https:\/\/2l-a-velo.com\/wp-content\/uploads\/2022\/05\/P1027509-1024x575.jpg 1024w, https:\/\/2l-a-velo.com\/wp-content\/uploads\/2022\/05\/P1027509-300x168.jpg 300w, https:\/\/2l-a-velo.com\/wp-content\/uploads\/2022\/05\/P1027509-768x431.jpg 768w, https:\/\/2l-a-velo.com\/wp-content\/uploads\/2022\/05\/P1027509-1536x862.jpg 1536w, https:\/\/2l-a-velo.com\/wp-content\/uploads\/2022\/05\/P1027509-2048x1150.jpg 2048w, https:\/\/2l-a-velo.com\/wp-content\/uploads\/2022\/05\/P1027509-900x505.jpg 900w, https:\/\/2l-a-velo.com\/wp-content\/uploads\/2022\/05\/P1027509-1280x719.jpg 1280w\" sizes=\"auto, (max-width: 1024px) 100vw, 1024px\" \/><\/figure><div class=\"wp-block-media-text__content\">\n<p class=\"has-text-align-center has-larger-font-size\"><strong>Du 6 au 12 mai 2022<\/strong><\/p>\n<\/div><\/div>\n\n\n\n<p>Nous avons r\u00e9alis\u00e9 un petit circuit \u00e0 v\u00e9lo en autonomie sur quelques jours&#8230;<\/p>\n\n\n\n<p><a href=\"https:\/\/2l-a-velo.com\/?page_id=4983\">Lire la suite&#8230;<\/a><\/p>\n","protected":false},"excerpt":{"rendered":"<p>Du 6 au 12 mai 2022 Nous avons r\u00e9alis\u00e9 un petit circuit \u00e0 v\u00e9lo en autonomie sur quelques jours&#8230; Lire la suite&#8230;<\/p>\n","protected":false},"author":1,"featured_media":0,"comment_status":"closed","ping_status":"closed","sticky":false,"template":"","format":"standard","meta":{"jetpack_post_was_ever_published":false,"_jetpack_newsletter_access":"","_jetpack_dont_email_post_to_subs":false,"_jetpack_newsletter_tier_id":0,"_jetpack_memberships_contains_paywalled_content":false,"_jetpack_memberships_contains_paid_content":false,"footnotes":""},"categories":[12,3],"tags":[],"class_list":["post-4980","post","type-post","status-publish","format-standard","hentry","category-france","category-voyages"],"jetpack_featured_media_url":"","jetpack_likes_enabled":true,"jetpack_sharing_enabled":true,"_links":{"self":[{"href":"https:\/\/2l-a-velo.com\/index.php?rest_route=\/wp\/v2\/posts\/4980","targetHints":{"allow":["GET"]}}],"collection":[{"href":"https:\/\/2l-a-velo.com\/index.php?rest_route=\/wp\/v2\/posts"}],"about":[{"href":"https:\/\/2l-a-velo.com\/index.php?rest_route=\/wp\/v2\/types\/post"}],"author":[{"embeddable":true,"href":"https:\/\/2l-a-velo.com\/index.php?rest_route=\/wp\/v2\/users\/1"}],"replies":[{"embeddable":true,"href":"https:\/\/2l-a-velo.com\/index.php?rest_route=%2Fwp%2Fv2%2Fcomments&post=4980"}],"version-history":[{"count":5,"href":"https:\/\/2l-a-velo.com\/index.php?rest_route=\/wp\/v2\/posts\/4980\/revisions"}],"predecessor-version":[{"id":5159,"href":"https:\/\/2l-a-velo.com\/index.php?rest_route=\/wp\/v2\/posts\/4980\/revisions\/5159"}],"wp:attachment":[{"href":"https:\/\/2l-a-velo.com\/index.php?rest_route=%2Fwp%2Fv2%2Fmedia&parent=4980"}],"wp:term":[{"taxonomy":"category","embeddable":true,"href":"https:\/\/2l-a-velo.com\/index.php?rest_route=%2Fwp%2Fv2%2Fcategories&post=4980"},{"taxonomy":"post_tag","embeddable":true,"href":"https:\/\/2l-a-velo.com\/index.php?rest_route=%2Fwp%2Fv2%2Ftags&post=4980"}],"curies":[{"name":"wp","href":"https:\/\/api.w.org\/{rel}","templated":true}]}}