{"id":5177,"date":"2022-07-06T22:13:58","date_gmt":"2022-07-06T20:13:58","guid":{"rendered":"https:\/\/2l-a-velo.com\/?p=5177"},"modified":"2022-07-12T09:10:35","modified_gmt":"2022-07-12T07:10:35","slug":"voyage-dans-les-alpes-ete-2022","status":"publish","type":"post","link":"https:\/\/2l-a-velo.com\/?p=5177","title":{"rendered":"Voyage dans les Alpes \u00e9t\u00e9 2022"},"content":{"rendered":"\n<figure class=\"wp-block-image size-large is-resized\"><img loading=\"lazy\" decoding=\"async\" src=\"https:\/\/2l-a-velo.com\/wp-content\/uploads\/2022\/04\/372A7828-1024x682.jpg\" alt=\"\" class=\"wp-image-4945\" width=\"1013\" height=\"674\" srcset=\"https:\/\/2l-a-velo.com\/wp-content\/uploads\/2022\/04\/372A7828-1024x682.jpg 1024w, https:\/\/2l-a-velo.com\/wp-content\/uploads\/2022\/04\/372A7828-300x200.jpg 300w, https:\/\/2l-a-velo.com\/wp-content\/uploads\/2022\/04\/372A7828-768x512.jpg 768w, https:\/\/2l-a-velo.com\/wp-content\/uploads\/2022\/04\/372A7828-1536x1024.jpg 1536w, https:\/\/2l-a-velo.com\/wp-content\/uploads\/2022\/04\/372A7828-900x600.jpg 900w, https:\/\/2l-a-velo.com\/wp-content\/uploads\/2022\/04\/372A7828-1280x853.jpg 1280w, https:\/\/2l-a-velo.com\/wp-content\/uploads\/2022\/04\/372A7828.jpg 2000w\" sizes=\"auto, (max-width: 1013px) 100vw, 1013px\" \/><figcaption><strong>En 2019, en Bolivie dans le d\u00e9sert de Dali, un col \u00e0 4750 m !<\/strong><\/figcaption><\/figure>\n\n\n\n<p>Pour diverses raisons, nous n&rsquo;avons pas pu partir en voyage si t\u00f4t que les autres ann\u00e9es. Mais nous allons quand m\u00eame charger nos sacoches et enfourcher nos v\u00e9los. <\/p>\n\n\n\n<p>Bien s\u00fbr, nous irons plus pr\u00e8s de chez nous et nous partirons moins longtemps !<\/p>\n\n\n\n<p><\/p>\n\n\n\n<p>Alors, partir de la maison, rejoindre l&rsquo;Italie puis la Suisse, faire un petit coucou au massif des Dolomites en Italie, revenir par le sud de la Suisse et retourner dans les Alpes de Haute Provence \u00e0 travers les Alpes fran\u00e7aises&#8230; Pas mal, non ? <\/p>\n\n\n\n<p>Notre objectif, outre la d\u00e9couverte des pays et r\u00e9gions travers\u00e9s, ce sera de gravir des grands cols, moins hauts que celui de la photo ci-dessus, mais bien pentus tout de m\u00eame !  <\/p>\n\n\n\n<p>Une randonn\u00e9e qui devrait durer deux mois et demi \u00e0 trois mois pour un kilom\u00e9trage approximatif de 3000 km.<\/p>\n\n\n\n<p><strong>Le d\u00e9part est pr\u00e9vu le 13 juillet 2022 !!!<\/strong><\/p>\n\n\n\n<p><a href=\"https:\/\/2l-a-velo.com\/?page_id=5168\">Lire la suite&#8230;<\/a><\/p>\n","protected":false},"excerpt":{"rendered":"<p>Pour diverses raisons, nous n&rsquo;avons pas pu partir en voyage si t\u00f4t que les autres ann\u00e9es. Mais nous allons quand m\u00eame charger nos sacoches et enfourcher nos v\u00e9los. Bien s\u00fbr, nous irons plus pr\u00e8s de chez nous et nous partirons moins longtemps ! Alors, partir de la maison, rejoindre l&rsquo;Italie puis la Suisse, faire un [&hellip;]<\/p>\n","protected":false},"author":1,"featured_media":0,"comment_status":"open","ping_status":"closed","sticky":false,"template":"","format":"standard","meta":{"jetpack_post_was_ever_published":false,"_jetpack_newsletter_access":"","_jetpack_dont_email_post_to_subs":false,"_jetpack_newsletter_tier_id":0,"_jetpack_memberships_contains_paywalled_content":false,"_jetpack_memberships_contains_paid_content":false,"footnotes":""},"categories":[12,3],"tags":[],"class_list":["post-5177","post","type-post","status-publish","format-standard","hentry","category-france","category-voyages"],"jetpack_featured_media_url":"","jetpack_likes_enabled":true,"jetpack_sharing_enabled":true,"_links":{"self":[{"href":"https:\/\/2l-a-velo.com\/index.php?rest_route=\/wp\/v2\/posts\/5177","targetHints":{"allow":["GET"]}}],"collection":[{"href":"https:\/\/2l-a-velo.com\/index.php?rest_route=\/wp\/v2\/posts"}],"about":[{"href":"https:\/\/2l-a-velo.com\/index.php?rest_route=\/wp\/v2\/types\/post"}],"author":[{"embeddable":true,"href":"https:\/\/2l-a-velo.com\/index.php?rest_route=\/wp\/v2\/users\/1"}],"replies":[{"embeddable":true,"href":"https:\/\/2l-a-velo.com\/index.php?rest_route=%2Fwp%2Fv2%2Fcomments&post=5177"}],"version-history":[{"count":8,"href":"https:\/\/2l-a-velo.com\/index.php?rest_route=\/wp\/v2\/posts\/5177\/revisions"}],"predecessor-version":[{"id":5189,"href":"https:\/\/2l-a-velo.com\/index.php?rest_route=\/wp\/v2\/posts\/5177\/revisions\/5189"}],"wp:attachment":[{"href":"https:\/\/2l-a-velo.com\/index.php?rest_route=%2Fwp%2Fv2%2Fmedia&parent=5177"}],"wp:term":[{"taxonomy":"category","embeddable":true,"href":"https:\/\/2l-a-velo.com\/index.php?rest_route=%2Fwp%2Fv2%2Fcategories&post=5177"},{"taxonomy":"post_tag","embeddable":true,"href":"https:\/\/2l-a-velo.com\/index.php?rest_route=%2Fwp%2Fv2%2Ftags&post=5177"}],"curies":[{"name":"wp","href":"https:\/\/api.w.org\/{rel}","templated":true}]}}