{"id":6122,"date":"2022-09-11T17:49:11","date_gmt":"2022-09-11T15:49:11","guid":{"rendered":"https:\/\/2l-a-velo.com\/?p=6122"},"modified":"2022-09-21T19:27:58","modified_gmt":"2022-09-21T17:27:58","slug":"suisse-de-brig-a-martigny","status":"publish","type":"post","link":"https:\/\/2l-a-velo.com\/?p=6122","title":{"rendered":"Suisse : De Brig \u00e0 Martigny"},"content":{"rendered":"\n<div class=\"wp-block-media-text alignwide is-stacked-on-mobile\" style=\"grid-template-columns:63% auto\"><figure class=\"wp-block-media-text__media\"><img loading=\"lazy\" decoding=\"async\" width=\"1024\" height=\"575\" src=\"https:\/\/2l-a-velo.com\/wp-content\/uploads\/2022\/09\/P1030098-1024x575.jpg\" alt=\"\" class=\"wp-image-6124 size-full\" srcset=\"https:\/\/2l-a-velo.com\/wp-content\/uploads\/2022\/09\/P1030098-1024x575.jpg 1024w, https:\/\/2l-a-velo.com\/wp-content\/uploads\/2022\/09\/P1030098-300x168.jpg 300w, https:\/\/2l-a-velo.com\/wp-content\/uploads\/2022\/09\/P1030098-768x431.jpg 768w, https:\/\/2l-a-velo.com\/wp-content\/uploads\/2022\/09\/P1030098-1536x862.jpg 1536w, https:\/\/2l-a-velo.com\/wp-content\/uploads\/2022\/09\/P1030098-2048x1149.jpg 2048w, https:\/\/2l-a-velo.com\/wp-content\/uploads\/2022\/09\/P1030098-900x505.jpg 900w, https:\/\/2l-a-velo.com\/wp-content\/uploads\/2022\/09\/P1030098-1280x718.jpg 1280w\" sizes=\"auto, (max-width: 1024px) 100vw, 1024px\" \/><\/figure><div class=\"wp-block-media-text__content\">\n<p class=\"has-text-align-center has-larger-font-size\"><strong>Du 29 ao\u00fbt au 5 septembre<\/strong><\/p>\n<\/div><\/div>\n\n\n\n<p>De Brig \u00e0 Visp, nous p\u00e9dalons sur une bande cyclable bien s\u00e9curis\u00e9e. Mais, \u00e0 Visp, nous prenons la direction de Zermatt&#8230;<\/p>\n\n\n\n<p><a href=\"https:\/\/2l-a-velo.com\/?page_id=6111\">Lire la suite&#8230;<\/a><\/p>\n","protected":false},"excerpt":{"rendered":"<p>Du 29 ao\u00fbt au 5 septembre De Brig \u00e0 Visp, nous p\u00e9dalons sur une bande cyclable bien s\u00e9curis\u00e9e. Mais, \u00e0 Visp, nous prenons la direction de Zermatt&#8230; Lire la suite&#8230;<\/p>\n","protected":false},"author":1,"featured_media":0,"comment_status":"open","ping_status":"closed","sticky":false,"template":"","format":"standard","meta":{"jetpack_post_was_ever_published":false,"_jetpack_newsletter_access":"","_jetpack_dont_email_post_to_subs":false,"_jetpack_newsletter_tier_id":0,"_jetpack_memberships_contains_paywalled_content":false,"_jetpack_memberships_contains_paid_content":false,"footnotes":""},"categories":[16],"tags":[],"class_list":["post-6122","post","type-post","status-publish","format-standard","hentry","category-suisse"],"jetpack_featured_media_url":"","jetpack_likes_enabled":true,"jetpack_sharing_enabled":true,"_links":{"self":[{"href":"https:\/\/2l-a-velo.com\/index.php?rest_route=\/wp\/v2\/posts\/6122","targetHints":{"allow":["GET"]}}],"collection":[{"href":"https:\/\/2l-a-velo.com\/index.php?rest_route=\/wp\/v2\/posts"}],"about":[{"href":"https:\/\/2l-a-velo.com\/index.php?rest_route=\/wp\/v2\/types\/post"}],"author":[{"embeddable":true,"href":"https:\/\/2l-a-velo.com\/index.php?rest_route=\/wp\/v2\/users\/1"}],"replies":[{"embeddable":true,"href":"https:\/\/2l-a-velo.com\/index.php?rest_route=%2Fwp%2Fv2%2Fcomments&post=6122"}],"version-history":[{"count":4,"href":"https:\/\/2l-a-velo.com\/index.php?rest_route=\/wp\/v2\/posts\/6122\/revisions"}],"predecessor-version":[{"id":6204,"href":"https:\/\/2l-a-velo.com\/index.php?rest_route=\/wp\/v2\/posts\/6122\/revisions\/6204"}],"wp:attachment":[{"href":"https:\/\/2l-a-velo.com\/index.php?rest_route=%2Fwp%2Fv2%2Fmedia&parent=6122"}],"wp:term":[{"taxonomy":"category","embeddable":true,"href":"https:\/\/2l-a-velo.com\/index.php?rest_route=%2Fwp%2Fv2%2Fcategories&post=6122"},{"taxonomy":"post_tag","embeddable":true,"href":"https:\/\/2l-a-velo.com\/index.php?rest_route=%2Fwp%2Fv2%2Ftags&post=6122"}],"curies":[{"name":"wp","href":"https:\/\/api.w.org\/{rel}","templated":true}]}}