{"id":6397,"date":"2022-09-23T09:33:34","date_gmt":"2022-09-23T07:33:34","guid":{"rendered":"https:\/\/2l-a-velo.com\/?p=6397"},"modified":"2022-09-23T09:33:34","modified_gmt":"2022-09-23T07:33:34","slug":"france-de-susa-a-digne-les-bains","status":"publish","type":"post","link":"https:\/\/2l-a-velo.com\/?p=6397","title":{"rendered":"France : De Susa \u00e0 Digne les Bains"},"content":{"rendered":"\n<p class=\"has-normal-font-size\"><strong>Via les cols de l&rsquo;Echelle, de l&rsquo;Izoard, de Vars, d&rsquo;Allos, du D\u00e9fens et de l&rsquo;Orme<\/strong><\/p>\n\n\n\n<div class=\"wp-block-media-text alignwide is-stacked-on-mobile\" style=\"grid-template-columns:59% auto\"><figure class=\"wp-block-media-text__media\"><img loading=\"lazy\" decoding=\"async\" width=\"1024\" height=\"575\" src=\"https:\/\/2l-a-velo.com\/wp-content\/uploads\/2022\/09\/P1030674-1024x575.jpg\" alt=\"\" class=\"wp-image-6513 size-full\" srcset=\"https:\/\/2l-a-velo.com\/wp-content\/uploads\/2022\/09\/P1030674-1024x575.jpg 1024w, https:\/\/2l-a-velo.com\/wp-content\/uploads\/2022\/09\/P1030674-300x168.jpg 300w, https:\/\/2l-a-velo.com\/wp-content\/uploads\/2022\/09\/P1030674-768x431.jpg 768w, https:\/\/2l-a-velo.com\/wp-content\/uploads\/2022\/09\/P1030674-1536x862.jpg 1536w, https:\/\/2l-a-velo.com\/wp-content\/uploads\/2022\/09\/P1030674-2048x1149.jpg 2048w, https:\/\/2l-a-velo.com\/wp-content\/uploads\/2022\/09\/P1030674-900x505.jpg 900w, https:\/\/2l-a-velo.com\/wp-content\/uploads\/2022\/09\/P1030674-1280x718.jpg 1280w\" sizes=\"auto, (max-width: 1024px) 100vw, 1024px\" \/><\/figure><div class=\"wp-block-media-text__content\">\n<p class=\"has-text-align-center has-larger-font-size\"><strong>Du 15 au 20 septembre<\/strong><\/p>\n<\/div><\/div>\n\n\n\n<p>Nous nous pausons une journ\u00e9e dans la jolie petite ville de Susa, situ\u00e9e sur la route qui m\u00e8ne&#8230;<\/p>\n\n\n\n<p><a href=\"https:\/\/2l-a-velo.com\/?page_id=6379\">Lire la suite&#8230;<\/a> <\/p>\n","protected":false},"excerpt":{"rendered":"<p>Via les cols de l&rsquo;Echelle, de l&rsquo;Izoard, de Vars, d&rsquo;Allos, du D\u00e9fens et de l&rsquo;Orme Du 15 au 20 septembre Nous nous pausons une journ\u00e9e dans la jolie petite ville de Susa, situ\u00e9e sur la route qui m\u00e8ne&#8230; Lire la suite&#8230;<\/p>\n","protected":false},"author":1,"featured_media":0,"comment_status":"open","ping_status":"closed","sticky":false,"template":"","format":"standard","meta":{"jetpack_post_was_ever_published":false,"_jetpack_newsletter_access":"","_jetpack_dont_email_post_to_subs":false,"_jetpack_newsletter_tier_id":0,"_jetpack_memberships_contains_paywalled_content":false,"_jetpack_memberships_contains_paid_content":false,"footnotes":""},"categories":[12],"tags":[],"class_list":["post-6397","post","type-post","status-publish","format-standard","hentry","category-france"],"jetpack_featured_media_url":"","jetpack_likes_enabled":true,"jetpack_sharing_enabled":true,"_links":{"self":[{"href":"https:\/\/2l-a-velo.com\/index.php?rest_route=\/wp\/v2\/posts\/6397","targetHints":{"allow":["GET"]}}],"collection":[{"href":"https:\/\/2l-a-velo.com\/index.php?rest_route=\/wp\/v2\/posts"}],"about":[{"href":"https:\/\/2l-a-velo.com\/index.php?rest_route=\/wp\/v2\/types\/post"}],"author":[{"embeddable":true,"href":"https:\/\/2l-a-velo.com\/index.php?rest_route=\/wp\/v2\/users\/1"}],"replies":[{"embeddable":true,"href":"https:\/\/2l-a-velo.com\/index.php?rest_route=%2Fwp%2Fv2%2Fcomments&post=6397"}],"version-history":[{"count":6,"href":"https:\/\/2l-a-velo.com\/index.php?rest_route=\/wp\/v2\/posts\/6397\/revisions"}],"predecessor-version":[{"id":6514,"href":"https:\/\/2l-a-velo.com\/index.php?rest_route=\/wp\/v2\/posts\/6397\/revisions\/6514"}],"wp:attachment":[{"href":"https:\/\/2l-a-velo.com\/index.php?rest_route=%2Fwp%2Fv2%2Fmedia&parent=6397"}],"wp:term":[{"taxonomy":"category","embeddable":true,"href":"https:\/\/2l-a-velo.com\/index.php?rest_route=%2Fwp%2Fv2%2Fcategories&post=6397"},{"taxonomy":"post_tag","embeddable":true,"href":"https:\/\/2l-a-velo.com\/index.php?rest_route=%2Fwp%2Fv2%2Ftags&post=6397"}],"curies":[{"name":"wp","href":"https:\/\/api.w.org\/{rel}","templated":true}]}}